{"id":3533,"date":"2026-03-11T08:25:56","date_gmt":"2026-03-11T08:25:56","guid":{"rendered":"https:\/\/www.linpico.com\/fr\/?p=3533"},"modified":"2026-03-11T08:25:56","modified_gmt":"2026-03-11T08:25:56","slug":"recherche-experts-pour-lelaboration-dune-strategie-de-mise-en-oeuvre-dune-politique-de-lemploi-au-burundi","status":"publish","type":"post","link":"http:\/\/www.linpico.com\/fr\/recherche-experts-pour-lelaboration-dune-strategie-de-mise-en-oeuvre-dune-politique-de-lemploi-au-burundi\/","title":{"rendered":"Recherche experts pour l&rsquo;\u00e9laboration d\u2019une strat\u00e9gie de mise en \u0153uvre d\u2019une politique de l\u2019Emploi au Burundi"},"content":{"rendered":"<p>LINPICO recherche des experts dans le cadre d\u2019un appui \u00e0 l\u2019\u00e9laboration d\u2019une strat\u00e9gie de mise en \u0153uvre d\u2019une politique de l\u2019Emploi au Burundi en vue de r\u00e9aliser les activit\u00e9s suivantes\u00a0:<\/p>\n<ul>\n<li>la r\u00e9alisation d\u2019un diagnostic de la situation de l\u2019emploi au Burundi ;<\/li>\n<li>la conduite de consultations avec les parties prenantes nationales ;<\/li>\n<li>l\u2019\u00e9laboration d\u2019une strat\u00e9gie op\u00e9rationnelle assortie d\u2019un plan d\u2019action ;<\/li>\n<li>la d\u00e9finition d\u2019un cadre de suivi\u2011\u00e9valuation.<\/li>\n<\/ul>\n<p>La mission serait r\u00e9alis\u00e9e sur une dur\u00e9e indicative d\u2019environ six mois, par une \u00e9quipe de deux experts sp\u00e9cialis\u00e9s dans l\u2019\u00e9laboration de \u00a0strat\u00e9gies et politiques relatives \u00e0 l\u2019Emploi ainsi que si possible une bonne connaissance du contexte sectoriel du Burundi.<\/p>\n<p>Merci de contacter Monsieur Axel Cambrillat <a  href=\"javascript:smae_decode('YWNhbWJyaWxsYXRAbGlucGljby5jb20=');\" >&#097;&#099;&#097;&#109;&#098;&#114;&#105;&#108;&#108;&#097;&#116;&#064;&#108;&#105;&#110;&#112;&#105;&#099;&#111;&#046;&#099;&#111;&#109;<\/a> (copie <a  href=\"javascript:smae_decode('YWRtaW5AbGlucGljby5jb20=');\" >&#097;&#100;&#109;&#105;&#110;&#064;&#108;&#105;&#110;&#112;&#105;&#099;&#111;&#046;&#099;&#111;&#109;<\/a>) et transmettre un CV en cas d\u2019int\u00e9r\u00eat.<\/p>\n","protected":false},"excerpt":{"rendered":"<p>LINPICO recherche des experts dans le cadre d\u2019un appui \u00e0 l\u2019\u00e9laboration d\u2019une strat\u00e9gie de mise en \u0153uvre d\u2019une politique de l\u2019Emploi au Burundi en vue de r\u00e9aliser les activit\u00e9s suivantes\u00a0: la r\u00e9alisation d\u2019un diagnostic de la situation de l\u2019emploi au&hellip; <\/p>\n","protected":false},"author":2,"featured_media":0,"comment_status":"closed","ping_status":"closed","sticky":false,"template":"","format":"standard","meta":{"jetpack_post_was_ever_published":false,"_jetpack_newsletter_access":"","_links_to":"","_links_to_target":""},"categories":[6],"tags":[],"jetpack_featured_media_url":"","_links":{"self":[{"href":"http:\/\/www.linpico.com\/fr\/wp-json\/wp\/v2\/posts\/3533"}],"collection":[{"href":"http:\/\/www.linpico.com\/fr\/wp-json\/wp\/v2\/posts"}],"about":[{"href":"http:\/\/www.linpico.com\/fr\/wp-json\/wp\/v2\/types\/post"}],"author":[{"embeddable":true,"href":"http:\/\/www.linpico.com\/fr\/wp-json\/wp\/v2\/users\/2"}],"replies":[{"embeddable":true,"href":"http:\/\/www.linpico.com\/fr\/wp-json\/wp\/v2\/comments?post=3533"}],"version-history":[{"count":1,"href":"http:\/\/www.linpico.com\/fr\/wp-json\/wp\/v2\/posts\/3533\/revisions"}],"predecessor-version":[{"id":3534,"href":"http:\/\/www.linpico.com\/fr\/wp-json\/wp\/v2\/posts\/3533\/revisions\/3534"}],"wp:attachment":[{"href":"http:\/\/www.linpico.com\/fr\/wp-json\/wp\/v2\/media?parent=3533"}],"wp:term":[{"taxonomy":"category","embeddable":true,"href":"http:\/\/www.linpico.com\/fr\/wp-json\/wp\/v2\/categories?post=3533"},{"taxonomy":"post_tag","embeddable":true,"href":"http:\/\/www.linpico.com\/fr\/wp-json\/wp\/v2\/tags?post=3533"}],"curies":[{"name":"wp","href":"https:\/\/api.w.org\/{rel}","templated":true}]}}