{"id":2293,"date":"2021-02-19T15:43:28","date_gmt":"2021-02-19T15:43:28","guid":{"rendered":"http:\/\/www.linpico.com\/fr\/?p=2293"},"modified":"2021-02-19T15:43:33","modified_gmt":"2021-02-19T15:43:33","slug":"recrutement-dun-assistant-technique-court-terme-pour-la-formulation-dun-plan-pluriannuel-de-communication-et-de-visibilite-du-patf","status":"publish","type":"post","link":"https:\/\/www.linpico.com\/fr\/recrutement-dun-assistant-technique-court-terme-pour-la-formulation-dun-plan-pluriannuel-de-communication-et-de-visibilite-du-patf\/","title":{"rendered":"RECRUTEMENT D&rsquo;UN ASSISTANT TECHNIQUE COURT TERME POUR LA FORMULATION D\u2019UN PLAN PLURIANNUEL DE COMMUNICATION ET DE VISIBILITE DU PATF"},"content":{"rendered":"\n<figure class=\"wp-block-table\"><table><tbody><tr><td><strong>Pays :<\/strong><\/td><td>\u00a0<strong>Burkina Faso<\/strong><\/td><td><\/td><\/tr><tr><td><strong>Objectifs du projet :<\/strong><\/td><td>Le contrat vise la mise \u00e0 disposition d\u2019une assistance technique de long et de court terme, la prise en charge d&rsquo;action de formation du programme et la mise en \u0153uvre d\u2019autres apports susceptibles d&rsquo;am\u00e9liorer la gestion de la fiscalit\u00e9 int\u00e9rieure des Etats membres de la CEDEAO et de renforcer le syst\u00e8me de coordination, de suivi et d\u2019\u00e9valuation des Programmes de transition fiscale au niveau de chaque Commission (CEDEAO et UEMOA) et au niveau des EM.<br>En rappel, le Programme d&rsquo;appui \u00e0 la transition fiscale en Afrique de l&rsquo;Ouest a pour objectif d&rsquo;appuyer la mise en \u0153uvre de programmes de transition fiscale en Afrique de l&rsquo;Ouest, cons\u00e9cutifs \u00e0 la mise en \u0153uvre des politiques r\u00e9gionales de lib\u00e9ration des \u00e9changes (Union douani\u00e8re, TEC, APE,).<br><br> Trois produits sont attendus : <br><br>1. la gestion de la fiscalit\u00e9 int\u00e9rieure des \u00c9tats membres est am\u00e9lior\u00e9e et mieux coordonn\u00e9e dans la r\u00e9gion;<br><br>2. la lutte contre la fraude, l&rsquo;\u00e9vasion fiscale, les flux financiers illicites et la corruption est renforc\u00e9e et contribue \u00e0 l\u2019accroissement des recettes fiscales; <br><br>3. le syst\u00e8me de coordination, suivi et d\u2019\u00e9valuation des Programmes de transition fiscale est renforc\u00e9 au niveau de chaque Commission et au niveau des EM.<\/td><\/tr><tr><td><strong>Dur\u00e9e du projet:<\/strong><\/td><td>La dur\u00e9e d\u2019ex\u00e9cution du projet est de deux (02) ans<\/td><\/tr><tr><td><strong>Description de Poste:<\/strong><\/td><td>La pr\u00e9sente mission a pour t\u00e2ches\u00a0: <br>\u00a0<br>L\u2019expert court terme va \u00e9laborer un plan global de communication et de visibilit\u00e9\u0301 du PATF, en collaboration \u00e9troite avec les services des OR-FED et de la DUE-Burkina et en impliquant les UAC de la CEDEAO et de l\u2019UEMOA. Pour cela, il apportera une contribution significative \u00e0 la communication et \u00e0 la visibilit\u00e9\u0301 du PATF en mettant l\u2019accent sur tout ce qui touche au renforcement de la performance des syst\u00e8mes fiscaux des EM, les r\u00e8gles en mati\u00e8re de TVA et de gestion de la d\u00e9pense fiscale dans les \u00c9tats Membres de l\u2019espace CEDEAO et en Mauritanie et ce, dans le respect du principe de red\u00e9vabilit\u00e9\u0301.<br><br> L\u2019expert devra \u00e9laborer un plan de communication et de visibilit\u00e9 global pour le PATF respectant les principes en mati\u00e8re de communication de l\u2019UE ainsi que la matrice du plan de communication mentionn\u00e9s plus haut. En particulier, il devra : <br><br>\u00a0\u2022 Prendre connaissance du cadre institutionnel formalis\u00e9 de la Coop\u00e9ration entre l\u2019UE, la CEDEAO et l\u2019UEMOA, analyser le syst\u00e8me de communication existant entre les diff\u00e9rents acteurs et faire l\u2019\u00e9tat des lieux de la communication au niveau des projets\/programmes FED qui existent d\u00e9j\u00e0 au niveau de la CEDEAO et de l\u2019UEMOA ; <br><br>\u2022 Rencontrer les principales parties prenantes (PTF, Commissions, OSC, secteur priv\u00e9, presse, etc.),<br><br>\u2022 Concevoir un plan de communication et de visibilit\u00e9 pluriannuel pour le PATF en tenant compte du contexte des pays (g\u00e9ographie, langue, supports \u00e9crits et oraux existants&#8230;). <br><br>\u2022 D\u00e9finir les objectifs de communication et les cibles \u00e0 atteindre au niveau de la CEDEAO, de l\u2019UEMOA, des Etats membres et de l\u2019UE,<br><br> \u2022 Etablir la strat\u00e9gie de communication et de visibilit\u00e9 pour le PATF en tenant compte du contexte du r\u00e9gional (g\u00e9ographie, langue, supports \u00e9crits et oraux existants\u2026). Il faut \u00e9tablir les bons outils, choisir de bons influenceurs et des leaders d\u2019opinion qui auront un impact, le type de communication (m\u00e9dia et hors m\u00e9dia, interne \u00e0 la sous-r\u00e9gion, \u00e0 destination des citoyens europ\u00e9ens, etc.). Au niveau des outils, une attention pourra \u00eatre port\u00e9e aux supports r\u00e9utilisables ; <br><br>\u2022 D\u00e9finir les activit\u00e9s de communication et de visibilit\u00e9 pour les ann\u00e9es 2020 \u00e0 2022 en d\u00e9taillant pour chaque groupe cible : (i) la nature de chaque activit\u00e9 et le ou les responsables de la mise en \u0153uvre de l\u2019activit\u00e9 et (ii) les outils de communication,<br><br> \u2022 D\u00e9finir les ressources n\u00e9cessaires \u00e0 la mise en \u0153uvre du plan tant financi\u00e8res qu\u2019au niveau des ressources humaines. <br><br>\u2022 D\u00e9finir le calendrier de mise en \u0153uvre du plan de communication et de visibilit\u00e9. <br><br>\u2022 D\u00e9finir les indicateurs de r\u00e9sultats du plan de communication et de visibilit\u00e9.<br><br> \u2022 Identifier au sein des UAC (CEDEAO et UEMOA) la personne en mesure de conduire la mise en \u0153uvre du plan de communication et de visibilit\u00e9 ou d\u00e9finir le cahier des charges d\u2019un cadre \u00e0 recruter. \u00a0<br><br>\u2022 Proposer le partenariat \u00e0 d\u00e9velopper avec les vecteurs d\u2019information, comme les journalistes, les \u00e9coles ou autres structures pouvant diffuser l\u2019information. <br><br>\u2022 Pr\u00e9-identifier les structures priv\u00e9es pr\u00e9sentes des EM pouvant offrir des services de communication (conception site web, conception de maquettes pour les documents papier, impression de documents, impression de photos\u2026). <br><br>\u2022 Echanger les exp\u00e9riences et r\u00e9alisations dans le domaine de la communication et de la visibilit\u00e9 au niveau des diff\u00e9rentes unit\u00e9s de gestion de projet \u00a0<br><br>\u2022 D\u00e9finir le plan de communication du PATF ; <br><br>\u2022 Proposer le point d\u2019ancrage et\/ou la structure qui sera en charge de la mise en \u0153uvre du plan de communication du PATF dans un souci d\u2019efficacit\u00e9 et d\u2019efficience. \u00a0<br><br> Etant donn\u00e9 que le plan de communication et de visibilit\u00e9 est global pour le PATF, les activit\u00e9s du plan de communication du contrat avec l\u2019OCDE pourront \u00eatre mentionn\u00e9es pour m\u00e9moire. <br><br>\u00a0 L\u2019expert devra \u00e9galement \u00e9laborer un projet de TDR pour le recrutement d\u2019une agence charg\u00e9e de mettre en \u0153uvre le plan de communication. Les TDR d\u00e9finiront les ressources n\u00e9cessaires \u00e0 la mise en \u0153uvre du plan tant financi\u00e8res qu\u2019au niveau des ressources humaines. Dans ces termes de r\u00e9f\u00e9rence, l\u2019expert proposera \u00e9galement les possibilit\u00e9s de partenariat \u00e0 d\u00e9velopper avec les vecteurs d\u2019information, comme les journalistes, les \u00e9coles ou autres structures pouvant diffuser l\u2019information. Il indiquera \u00e9galement les services de communication pouvant \u00eatre sous trait\u00e9s aupr\u00e8s de structures priv\u00e9es pr\u00e9sentes dans les EM (conception site web, conception de maquettes pour les documents papier, impression de documents, impression de photos\u2026). <\/td><\/tr><tr><td><strong>Profils recherch\u00e9s:<\/strong><\/td><td>\u00a0Dans le cadre d&rsquo;ex\u00e9cution de ce projet, le profil suivant pourrait \u00eatre demand\u00e9: <strong>ASSISTANT TECHNIQUE COURT TERME POUR LA FORMULATION D\u2019UN PLAN PLURIANNUEL DE COMMUNICATION ET DE VISIBILITE DU PATF <\/strong>:<br><br> \u2022 Titulaire d\u2019un dipl\u00f4me d\u2019\u00e9tudes universitaires (BAC +5) en journalisme, communication ou autres disciplines pertinentes ; <br><br>\u2022 Avoir au minimum 10 ans d&rsquo;exp\u00e9rience professionnelle dans le domaine de la communication, dont au moins 5 dans la conception, la mise en \u0153uvre et le suivi-\u00e9valuation de strat\u00e9gie et plan de communication et de visibilit\u00e9 produit ou institutionnelle au niveau r\u00e9gional (Afrique de l\u2019Ouest) et\/ou international ; <br><br>\u2022 Bonnes capacit\u00e9s de communication, de dialogue et d\u2019animation ; <br><br>\u2022 Ma\u00eetrise des outils informatiques les plus courants : Word, Excel, Powerpoint ; <br><br>\u2022 Une exp\u00e9rience en mati\u00e8re de communication dans le cadre de la Coop\u00e9ration ACP\/UE sera consid\u00e9r\u00e9e comme un atout ; <br><br>\u2022 Avoir des connaissances dans le domaine des sciences \u00e9conomiques ou la gestion serait un atout ; <br><br>\u2022 Ma\u00eetrise parfaite de la langue fran\u00e7aise ; la connaissance de l\u2019Anglais serait un atout consid\u00e9rable. \u00a0<\/td><\/tr><tr><td><strong>Suivi:<\/strong><\/td><td>Merci d&rsquo;envoyer votre candidature \u00e0 <a  href=\"javascript:smae_decode('aWFtb3Vzc2FAbGlucGljby5jb20=');\" >&#105;&#097;&#109;&#111;&#117;&#115;&#115;&#097;&#064;&#108;&#105;&#110;&#112;&#105;&#099;&#111;&#046;&#099;&#111;&#109;<\/a> avec la r\u00e9f\u00e9rence \u00ab&nbsp;<strong>Expert Communication et visibilit\u00e9\u00bb <\/strong>en mettant en copie<strong> <\/strong><a  href=\"javascript:smae_decode('aWduYW5vdUBsaW5waWNvLmNvbQ==');\" >&#105;&#103;&#110;&#097;&#110;&#111;&#117;&#064;&#108;&#105;&#110;&#112;&#105;&#099;&#111;&#046;&#099;&#111;&#109;<\/a><strong> et <\/strong><a  href=\"javascript:smae_decode('YWRtaW5AbGlucGljby5jb20=');\" >&#097;&#100;&#109;&#105;&#110;&#064;&#108;&#105;&#110;&#112;&#105;&#099;&#111;&#046;&#099;&#111;&#109;<\/a><strong><\/strong><\/td><\/tr><\/tbody><\/table><\/figure>\n","protected":false},"excerpt":{"rendered":"<p>Pays : \u00a0Burkina Faso Objectifs du projet : Le contrat vise la mise \u00e0 disposition d\u2019une assistance technique de long et de court terme, la prise en charge d&rsquo;action de formation du programme et la mise en \u0153uvre d\u2019autres apports&hellip; <\/p>\n","protected":false},"author":2,"featured_media":0,"comment_status":"closed","ping_status":"closed","sticky":false,"template":"","format":"standard","meta":{"jetpack_post_was_ever_published":false,"_jetpack_newsletter_access":"","_links_to":"","_links_to_target":""},"categories":[6],"tags":[],"jetpack_featured_media_url":"","_links":{"self":[{"href":"https:\/\/www.linpico.com\/fr\/wp-json\/wp\/v2\/posts\/2293"}],"collection":[{"href":"https:\/\/www.linpico.com\/fr\/wp-json\/wp\/v2\/posts"}],"about":[{"href":"https:\/\/www.linpico.com\/fr\/wp-json\/wp\/v2\/types\/post"}],"author":[{"embeddable":true,"href":"https:\/\/www.linpico.com\/fr\/wp-json\/wp\/v2\/users\/2"}],"replies":[{"embeddable":true,"href":"https:\/\/www.linpico.com\/fr\/wp-json\/wp\/v2\/comments?post=2293"}],"version-history":[{"count":1,"href":"https:\/\/www.linpico.com\/fr\/wp-json\/wp\/v2\/posts\/2293\/revisions"}],"predecessor-version":[{"id":2294,"href":"https:\/\/www.linpico.com\/fr\/wp-json\/wp\/v2\/posts\/2293\/revisions\/2294"}],"wp:attachment":[{"href":"https:\/\/www.linpico.com\/fr\/wp-json\/wp\/v2\/media?parent=2293"}],"wp:term":[{"taxonomy":"category","embeddable":true,"href":"https:\/\/www.linpico.com\/fr\/wp-json\/wp\/v2\/categories?post=2293"},{"taxonomy":"post_tag","embeddable":true,"href":"https:\/\/www.linpico.com\/fr\/wp-json\/wp\/v2\/tags?post=2293"}],"curies":[{"name":"wp","href":"https:\/\/api.w.org\/{rel}","templated":true}]}}